{"id":3493,"date":"2020-03-08T10:01:39","date_gmt":"2020-03-08T14:01:39","guid":{"rendered":"https:\/\/www.desmaraisprotection.com\/?p=3493"},"modified":"2020-03-08T10:03:22","modified_gmt":"2020-03-08T14:03:22","slug":"journee-internationale-des-femmes-quelques-conseils-aux-femmes-qui-veulent-se-lancer-en-affaires","status":"publish","type":"post","link":"https:\/\/desmaraisprotection.com\/index.php\/2020\/03\/08\/journee-internationale-des-femmes-quelques-conseils-aux-femmes-qui-veulent-se-lancer-en-affaires\/","title":{"rendered":"Journ\u00e9e internationale des femmes | Quelques conseils aux femmes qui veulent se lancer en affaires"},"content":{"rendered":"<p><em>Dans le cadre de la Journ\u00e9e internationale des femmes, Chantal Cimon, copropri\u00e9taire chez Desmarais protection \u00e9lectronique, offre quelques conseils aux femmes qui veulent se lancer en affaires.\u00a0<\/em><\/p>\n<ol>\n<li><strong>Se donner les moyens de r\u00e9aliser son r\u00eave de devenir entrepreneure <\/strong><\/li>\n<li><strong>Avoir confiance en soi<\/strong><\/li>\n<li><strong>B\u00e2tir son r\u00e9seau de contacts<\/strong><\/li>\n<li><strong>Saisir les opportunit\u00e9s qui se pr\u00e9sentent<\/strong><\/li>\n<li><strong>S&rsquo;entourer de gens comp\u00e9tents et diff\u00e9rents de nous<\/strong><\/li>\n<li><strong>S&rsquo;impliquer dans la communaut\u00e9<\/strong><br \/>\nJe suis fi\u00e8rement impliqu\u00e9e dans le monde culturel \u00e0 titre de pr\u00e9sidente de la Maison de la musique de Sorel-Tracy, et comme porte-parole de Sant\u00e9 mentale Qu\u00e9bec Pierre-De Saurel.<\/li>\n<li><strong>Conjuguer tous nos chapeaux<\/strong><br \/>\nJe suis une femme, une \u00e9pouse et une m\u00e8re de famille qui conjugue tous ces r\u00f4les dans l&rsquo;\u00e9quilibre et l&rsquo;amour. Il y a des emb\u00fbches et ce n&rsquo;est pas toujours facile. Par contre, je surmonte les difficult\u00e9s avec fiert\u00e9 et j&rsquo;apprends tous les jours \u00e0 appr\u00e9cier le paysage de l&rsquo;entrepreneuriat.<\/li>\n<\/ol>\n","protected":false},"excerpt":{"rendered":"<p>Dans le cadre de la Journ\u00e9e internationale des femmes, Chantal Cimon, copropri\u00e9taire chez Desmarais protection \u00e9lectronique, offre quelques conseils aux femmes qui veulent se lancer en affaires.\u00a0 Se donner les moyens de r\u00e9aliser son r\u00eave de devenir entrepreneure Avoir confiance en soi B\u00e2tir son r\u00e9seau de contacts Saisir les opportunit\u00e9s qui se pr\u00e9sentent S&rsquo;entourer de [&hellip;]<\/p>\n","protected":false},"author":3,"featured_media":3494,"comment_status":"closed","ping_status":"closed","sticky":false,"template":"","format":"standard","meta":[],"categories":[46],"tags":[48,51,50,49,47,35],"yoast_head":"<!-- This site is optimized with the Yoast SEO plugin v17.1 - https:\/\/yoast.com\/wordpress\/plugins\/seo\/ -->\n<title>Journ\u00e9e internationale des femmes | Quelques conseils aux femmes qui veulent se lancer en affaires - Desmarais Protection \u00c9lectronique<\/title>\n<meta name=\"robots\" content=\"index, follow, max-snippet:-1, max-image-preview:large, max-video-preview:-1\" \/>\n<link rel=\"canonical\" href=\"https:\/\/desmaraisprotection.com\/index.php\/2020\/03\/08\/journee-internationale-des-femmes-quelques-conseils-aux-femmes-qui-veulent-se-lancer-en-affaires\/\" \/>\n<meta property=\"og:locale\" content=\"fr_CA\" \/>\n<meta property=\"og:type\" content=\"article\" \/>\n<meta property=\"og:title\" content=\"Journ\u00e9e internationale des femmes | Quelques conseils aux femmes qui veulent se lancer en affaires - Desmarais Protection \u00c9lectronique\" \/>\n<meta property=\"og:description\" content=\"Dans le cadre de la Journ\u00e9e internationale des femmes, Chantal Cimon, copropri\u00e9taire chez Desmarais protection \u00e9lectronique, offre quelques conseils aux femmes qui veulent se lancer en affaires.\u00a0 Se donner les moyens de r\u00e9aliser son r\u00eave de devenir entrepreneure Avoir confiance en soi B\u00e2tir son r\u00e9seau de contacts Saisir les opportunit\u00e9s qui se pr\u00e9sentent S&rsquo;entourer de [&hellip;]\" \/>\n<meta property=\"og:url\" content=\"https:\/\/desmaraisprotection.com\/index.php\/2020\/03\/08\/journee-internationale-des-femmes-quelques-conseils-aux-femmes-qui-veulent-se-lancer-en-affaires\/\" \/>\n<meta property=\"og:site_name\" content=\"Desmarais Protection \u00c9lectronique\" \/>\n<meta property=\"article:published_time\" content=\"2020-03-08T14:01:39+00:00\" \/>\n<meta property=\"article:modified_time\" content=\"2020-03-08T14:03:22+00:00\" \/>\n<meta property=\"og:image\" content=\"https:\/\/www.desmaraisprotection.com\/wp-content\/uploads\/2020\/03\/JOURNE\u0301E-INTERNATIONALE-DES-FEMMES-2.jpg\" \/>\n\t<meta property=\"og:image:width\" content=\"1920\" \/>\n\t<meta property=\"og:image:height\" content=\"1080\" \/>\n<meta name=\"twitter:card\" content=\"summary_large_image\" \/>\n<meta name=\"twitter:label1\" content=\"\u00c9crit par\" \/>\n\t<meta name=\"twitter:data1\" content=\"Admin\" \/>\n\t<meta name=\"twitter:label2\" content=\"Estimation du temps de lecture\" \/>\n\t<meta name=\"twitter:data2\" content=\"1 minute\" \/>\n<script type=\"application\/ld+json\" class=\"yoast-schema-graph\">{\"@context\":\"https:\/\/schema.org\",\"@graph\":[{\"@type\":\"WebSite\",\"@id\":\"https:\/\/desmaraisprotection.com\/#website\",\"url\":\"https:\/\/desmaraisprotection.com\/\",\"name\":\"Desmarais Protection \\u00c9lectronique\",\"description\":\"\",\"potentialAction\":[{\"@type\":\"SearchAction\",\"target\":{\"@type\":\"EntryPoint\",\"urlTemplate\":\"https:\/\/desmaraisprotection.com\/?s={search_term_string}\"},\"query-input\":\"required name=search_term_string\"}],\"inLanguage\":\"fr-CA\"},{\"@type\":\"ImageObject\",\"@id\":\"https:\/\/desmaraisprotection.com\/index.php\/2020\/03\/08\/journee-internationale-des-femmes-quelques-conseils-aux-femmes-qui-veulent-se-lancer-en-affaires\/#primaryimage\",\"inLanguage\":\"fr-CA\",\"url\":\"https:\/\/desmaraisprotection.com\/wp-content\/uploads\/2020\/03\/JOURNE\\u0301E-INTERNATIONALE-DES-FEMMES-2.jpg\",\"contentUrl\":\"https:\/\/desmaraisprotection.com\/wp-content\/uploads\/2020\/03\/JOURNE\\u0301E-INTERNATIONALE-DES-FEMMES-2.jpg\",\"width\":1920,\"height\":1080},{\"@type\":\"WebPage\",\"@id\":\"https:\/\/desmaraisprotection.com\/index.php\/2020\/03\/08\/journee-internationale-des-femmes-quelques-conseils-aux-femmes-qui-veulent-se-lancer-en-affaires\/#webpage\",\"url\":\"https:\/\/desmaraisprotection.com\/index.php\/2020\/03\/08\/journee-internationale-des-femmes-quelques-conseils-aux-femmes-qui-veulent-se-lancer-en-affaires\/\",\"name\":\"Journ\\u00e9e internationale des femmes | Quelques conseils aux femmes qui veulent se lancer en affaires - Desmarais Protection \\u00c9lectronique\",\"isPartOf\":{\"@id\":\"https:\/\/desmaraisprotection.com\/#website\"},\"primaryImageOfPage\":{\"@id\":\"https:\/\/desmaraisprotection.com\/index.php\/2020\/03\/08\/journee-internationale-des-femmes-quelques-conseils-aux-femmes-qui-veulent-se-lancer-en-affaires\/#primaryimage\"},\"datePublished\":\"2020-03-08T14:01:39+00:00\",\"dateModified\":\"2020-03-08T14:03:22+00:00\",\"author\":{\"@id\":\"https:\/\/desmaraisprotection.com\/#\/schema\/person\/35050268a7e59b0d50ac5eb2206db61d\"},\"breadcrumb\":{\"@id\":\"https:\/\/desmaraisprotection.com\/index.php\/2020\/03\/08\/journee-internationale-des-femmes-quelques-conseils-aux-femmes-qui-veulent-se-lancer-en-affaires\/#breadcrumb\"},\"inLanguage\":\"fr-CA\",\"potentialAction\":[{\"@type\":\"ReadAction\",\"target\":[\"https:\/\/desmaraisprotection.com\/index.php\/2020\/03\/08\/journee-internationale-des-femmes-quelques-conseils-aux-femmes-qui-veulent-se-lancer-en-affaires\/\"]}]},{\"@type\":\"BreadcrumbList\",\"@id\":\"https:\/\/desmaraisprotection.com\/index.php\/2020\/03\/08\/journee-internationale-des-femmes-quelques-conseils-aux-femmes-qui-veulent-se-lancer-en-affaires\/#breadcrumb\",\"itemListElement\":[{\"@type\":\"ListItem\",\"position\":1,\"name\":\"Accueil\",\"item\":\"https:\/\/www.desmaraisprotection.com\/\"},{\"@type\":\"ListItem\",\"position\":2,\"name\":\"Journ\\u00e9e internationale des femmes | Quelques conseils aux femmes qui veulent se lancer en affaires\"}]},{\"@type\":\"Person\",\"@id\":\"https:\/\/desmaraisprotection.com\/#\/schema\/person\/35050268a7e59b0d50ac5eb2206db61d\",\"name\":\"Admin\",\"image\":{\"@type\":\"ImageObject\",\"@id\":\"https:\/\/desmaraisprotection.com\/#personlogo\",\"inLanguage\":\"fr-CA\",\"url\":\"https:\/\/secure.gravatar.com\/avatar\/fdc11879028ec574ad79fd084ff6d4af?s=96&d=mm&r=g\",\"contentUrl\":\"https:\/\/secure.gravatar.com\/avatar\/fdc11879028ec574ad79fd084ff6d4af?s=96&d=mm&r=g\",\"caption\":\"Admin\"},\"sameAs\":[\"http:\/\/amajuscule.ca\"],\"url\":\"https:\/\/desmaraisprotection.com\/index.php\/author\/alexandra\/\"}]}<\/script>\n<!-- \/ Yoast SEO plugin. -->","yoast_head_json":{"title":"Journ\u00e9e internationale des femmes | Quelques conseils aux femmes qui veulent se lancer en affaires - Desmarais Protection \u00c9lectronique","robots":{"index":"index","follow":"follow","max-snippet":"max-snippet:-1","max-image-preview":"max-image-preview:large","max-video-preview":"max-video-preview:-1"},"canonical":"https:\/\/desmaraisprotection.com\/index.php\/2020\/03\/08\/journee-internationale-des-femmes-quelques-conseils-aux-femmes-qui-veulent-se-lancer-en-affaires\/","og_locale":"fr_CA","og_type":"article","og_title":"Journ\u00e9e internationale des femmes | Quelques conseils aux femmes qui veulent se lancer en affaires - Desmarais Protection \u00c9lectronique","og_description":"Dans le cadre de la Journ\u00e9e internationale des femmes, Chantal Cimon, copropri\u00e9taire chez Desmarais protection \u00e9lectronique, offre quelques conseils aux femmes qui veulent se lancer en affaires.\u00a0 Se donner les moyens de r\u00e9aliser son r\u00eave de devenir entrepreneure Avoir confiance en soi B\u00e2tir son r\u00e9seau de contacts Saisir les opportunit\u00e9s qui se pr\u00e9sentent S&rsquo;entourer de [&hellip;]","og_url":"https:\/\/desmaraisprotection.com\/index.php\/2020\/03\/08\/journee-internationale-des-femmes-quelques-conseils-aux-femmes-qui-veulent-se-lancer-en-affaires\/","og_site_name":"Desmarais Protection \u00c9lectronique","article_published_time":"2020-03-08T14:01:39+00:00","article_modified_time":"2020-03-08T14:03:22+00:00","og_image":[{"width":1920,"height":1080,"url":"https:\/\/www.desmaraisprotection.com\/wp-content\/uploads\/2020\/03\/JOURNE\u0301E-INTERNATIONALE-DES-FEMMES-2.jpg","path":"\/home3\/desmaraisprotect\/public_html\/wp-content\/uploads\/2020\/03\/JOURNE\u0301E-INTERNATIONALE-DES-FEMMES-2.jpg","size":"full","id":3494,"alt":"","pixels":2073600,"type":"image\/jpeg"}],"twitter_card":"summary_large_image","twitter_misc":{"\u00c9crit par":"Admin","Estimation du temps de lecture":"1 minute"},"schema":{"@context":"https:\/\/schema.org","@graph":[{"@type":"WebSite","@id":"https:\/\/desmaraisprotection.com\/#website","url":"https:\/\/desmaraisprotection.com\/","name":"Desmarais Protection \u00c9lectronique","description":"","potentialAction":[{"@type":"SearchAction","target":{"@type":"EntryPoint","urlTemplate":"https:\/\/desmaraisprotection.com\/?s={search_term_string}"},"query-input":"required name=search_term_string"}],"inLanguage":"fr-CA"},{"@type":"ImageObject","@id":"https:\/\/desmaraisprotection.com\/index.php\/2020\/03\/08\/journee-internationale-des-femmes-quelques-conseils-aux-femmes-qui-veulent-se-lancer-en-affaires\/#primaryimage","inLanguage":"fr-CA","url":"https:\/\/desmaraisprotection.com\/wp-content\/uploads\/2020\/03\/JOURNE\u0301E-INTERNATIONALE-DES-FEMMES-2.jpg","contentUrl":"https:\/\/desmaraisprotection.com\/wp-content\/uploads\/2020\/03\/JOURNE\u0301E-INTERNATIONALE-DES-FEMMES-2.jpg","width":1920,"height":1080},{"@type":"WebPage","@id":"https:\/\/desmaraisprotection.com\/index.php\/2020\/03\/08\/journee-internationale-des-femmes-quelques-conseils-aux-femmes-qui-veulent-se-lancer-en-affaires\/#webpage","url":"https:\/\/desmaraisprotection.com\/index.php\/2020\/03\/08\/journee-internationale-des-femmes-quelques-conseils-aux-femmes-qui-veulent-se-lancer-en-affaires\/","name":"Journ\u00e9e internationale des femmes | Quelques conseils aux femmes qui veulent se lancer en affaires - Desmarais Protection \u00c9lectronique","isPartOf":{"@id":"https:\/\/desmaraisprotection.com\/#website"},"primaryImageOfPage":{"@id":"https:\/\/desmaraisprotection.com\/index.php\/2020\/03\/08\/journee-internationale-des-femmes-quelques-conseils-aux-femmes-qui-veulent-se-lancer-en-affaires\/#primaryimage"},"datePublished":"2020-03-08T14:01:39+00:00","dateModified":"2020-03-08T14:03:22+00:00","author":{"@id":"https:\/\/desmaraisprotection.com\/#\/schema\/person\/35050268a7e59b0d50ac5eb2206db61d"},"breadcrumb":{"@id":"https:\/\/desmaraisprotection.com\/index.php\/2020\/03\/08\/journee-internationale-des-femmes-quelques-conseils-aux-femmes-qui-veulent-se-lancer-en-affaires\/#breadcrumb"},"inLanguage":"fr-CA","potentialAction":[{"@type":"ReadAction","target":["https:\/\/desmaraisprotection.com\/index.php\/2020\/03\/08\/journee-internationale-des-femmes-quelques-conseils-aux-femmes-qui-veulent-se-lancer-en-affaires\/"]}]},{"@type":"BreadcrumbList","@id":"https:\/\/desmaraisprotection.com\/index.php\/2020\/03\/08\/journee-internationale-des-femmes-quelques-conseils-aux-femmes-qui-veulent-se-lancer-en-affaires\/#breadcrumb","itemListElement":[{"@type":"ListItem","position":1,"name":"Accueil","item":"https:\/\/www.desmaraisprotection.com\/"},{"@type":"ListItem","position":2,"name":"Journ\u00e9e internationale des femmes | Quelques conseils aux femmes qui veulent se lancer en affaires"}]},{"@type":"Person","@id":"https:\/\/desmaraisprotection.com\/#\/schema\/person\/35050268a7e59b0d50ac5eb2206db61d","name":"Admin","image":{"@type":"ImageObject","@id":"https:\/\/desmaraisprotection.com\/#personlogo","inLanguage":"fr-CA","url":"https:\/\/secure.gravatar.com\/avatar\/fdc11879028ec574ad79fd084ff6d4af?s=96&d=mm&r=g","contentUrl":"https:\/\/secure.gravatar.com\/avatar\/fdc11879028ec574ad79fd084ff6d4af?s=96&d=mm&r=g","caption":"Admin"},"sameAs":["http:\/\/amajuscule.ca"],"url":"https:\/\/desmaraisprotection.com\/index.php\/author\/alexandra\/"}]}},"_links":{"self":[{"href":"https:\/\/desmaraisprotection.com\/index.php\/wp-json\/wp\/v2\/posts\/3493"}],"collection":[{"href":"https:\/\/desmaraisprotection.com\/index.php\/wp-json\/wp\/v2\/posts"}],"about":[{"href":"https:\/\/desmaraisprotection.com\/index.php\/wp-json\/wp\/v2\/types\/post"}],"author":[{"embeddable":true,"href":"https:\/\/desmaraisprotection.com\/index.php\/wp-json\/wp\/v2\/users\/3"}],"replies":[{"embeddable":true,"href":"https:\/\/desmaraisprotection.com\/index.php\/wp-json\/wp\/v2\/comments?post=3493"}],"version-history":[{"count":4,"href":"https:\/\/desmaraisprotection.com\/index.php\/wp-json\/wp\/v2\/posts\/3493\/revisions"}],"predecessor-version":[{"id":3499,"href":"https:\/\/desmaraisprotection.com\/index.php\/wp-json\/wp\/v2\/posts\/3493\/revisions\/3499"}],"wp:featuredmedia":[{"embeddable":true,"href":"https:\/\/desmaraisprotection.com\/index.php\/wp-json\/wp\/v2\/media\/3494"}],"wp:attachment":[{"href":"https:\/\/desmaraisprotection.com\/index.php\/wp-json\/wp\/v2\/media?parent=3493"}],"wp:term":[{"taxonomy":"category","embeddable":true,"href":"https:\/\/desmaraisprotection.com\/index.php\/wp-json\/wp\/v2\/categories?post=3493"},{"taxonomy":"post_tag","embeddable":true,"href":"https:\/\/desmaraisprotection.com\/index.php\/wp-json\/wp\/v2\/tags?post=3493"}],"curies":[{"name":"wp","href":"https:\/\/api.w.org\/{rel}","templated":true}]}}